{"id":1325,"date":"2025-12-14T10:02:46","date_gmt":"2025-12-14T10:02:46","guid":{"rendered":"http:\/\/www.stephaniemenase.com\/?p=1325"},"modified":"2026-01-11T11:29:12","modified_gmt":"2026-01-11T11:29:12","slug":"en-2026","status":"publish","type":"post","link":"http:\/\/www.stephaniemenase.com\/?p=1325","title":{"rendered":"En 2026"},"content":{"rendered":"\n<p>Du 10 au 24  janvier 2026, la Galerie L. Mauguin pr\u00e9sentera de mes peintures r\u00e9centes parmi les travaux d&rsquo;autres artistes choisis par Laurence Mauguin<\/p>\n\n\n\n<p>32 rue Vergniaud &#8211; 75013 Paris<br>&#8211; mercredi, jeudi, vendredi 11h-19h<br>&#8211; mardi et samedi 15h-19h<\/p>\n\n\n\n<div class=\"wp-block-columns is-layout-flex wp-container-core-columns-is-layout-1 wp-block-columns-is-layout-flex\">\n<div class=\"wp-block-column is-layout-flow wp-block-column-is-layout-flow\" style=\"flex-basis:100%\">\n<div class=\"wp-block-group is-vertical is-content-justification-center is-layout-flex wp-container-core-group-is-layout-1 wp-block-group-is-layout-flex\">\n<figure class=\"wp-block-image size-large is-resized\"><img loading=\"lazy\" decoding=\"async\" width=\"700\" height=\"495\" src=\"http:\/\/www.stephaniemenase.com\/wp-content\/uploads\/2025\/12\/IMG_02921-du-mouvement--700x495.jpg\" alt=\"\" class=\"wp-image-1326\" style=\"width:653px;height:auto\" srcset=\"http:\/\/www.stephaniemenase.com\/wp-content\/uploads\/2025\/12\/IMG_02921-du-mouvement--700x495.jpg 700w, http:\/\/www.stephaniemenase.com\/wp-content\/uploads\/2025\/12\/IMG_02921-du-mouvement--300x212.jpg 300w, http:\/\/www.stephaniemenase.com\/wp-content\/uploads\/2025\/12\/IMG_02921-du-mouvement--768x544.jpg 768w, http:\/\/www.stephaniemenase.com\/wp-content\/uploads\/2025\/12\/IMG_02921-du-mouvement--1536x1087.jpg 1536w, http:\/\/www.stephaniemenase.com\/wp-content\/uploads\/2025\/12\/IMG_02921-du-mouvement--2048x1450.jpg 2048w\" sizes=\"auto, (max-width: 700px) 100vw, 700px\" \/><\/figure>\n\n\n\n<p class=\"has-black-color has-text-color has-link-color wp-elements-a5958ff5a4e558e2a0f77f9754a5cb7f\">St\u00e9phanie M\u00e9nas\u00e9, <em>Turbulences et apaisement<\/em>, 2025<\/p>\n<\/div>\n<\/div>\n<\/div>\n","protected":false},"excerpt":{"rendered":"<p>Du 10 au 24 janvier 2026, la Galerie L. Mauguin pr\u00e9sentera de mes peintures r\u00e9centes&#8230;<\/p>\n","protected":false},"author":1,"featured_media":1326,"comment_status":"closed","ping_status":"closed","sticky":false,"template":"","format":"standard","meta":{"footnotes":""},"categories":[8,11,6],"tags":[],"class_list":["post-1325","post","type-post","status-publish","format-standard","has-post-thumbnail","hentry","category-actualite","category-expositions","category-galeries"],"_links":{"self":[{"href":"http:\/\/www.stephaniemenase.com\/index.php?rest_route=\/wp\/v2\/posts\/1325","targetHints":{"allow":["GET"]}}],"collection":[{"href":"http:\/\/www.stephaniemenase.com\/index.php?rest_route=\/wp\/v2\/posts"}],"about":[{"href":"http:\/\/www.stephaniemenase.com\/index.php?rest_route=\/wp\/v2\/types\/post"}],"author":[{"embeddable":true,"href":"http:\/\/www.stephaniemenase.com\/index.php?rest_route=\/wp\/v2\/users\/1"}],"replies":[{"embeddable":true,"href":"http:\/\/www.stephaniemenase.com\/index.php?rest_route=%2Fwp%2Fv2%2Fcomments&post=1325"}],"version-history":[{"count":6,"href":"http:\/\/www.stephaniemenase.com\/index.php?rest_route=\/wp\/v2\/posts\/1325\/revisions"}],"predecessor-version":[{"id":1379,"href":"http:\/\/www.stephaniemenase.com\/index.php?rest_route=\/wp\/v2\/posts\/1325\/revisions\/1379"}],"wp:featuredmedia":[{"embeddable":true,"href":"http:\/\/www.stephaniemenase.com\/index.php?rest_route=\/wp\/v2\/media\/1326"}],"wp:attachment":[{"href":"http:\/\/www.stephaniemenase.com\/index.php?rest_route=%2Fwp%2Fv2%2Fmedia&parent=1325"}],"wp:term":[{"taxonomy":"category","embeddable":true,"href":"http:\/\/www.stephaniemenase.com\/index.php?rest_route=%2Fwp%2Fv2%2Fcategories&post=1325"},{"taxonomy":"post_tag","embeddable":true,"href":"http:\/\/www.stephaniemenase.com\/index.php?rest_route=%2Fwp%2Fv2%2Ftags&post=1325"}],"curies":[{"name":"wp","href":"https:\/\/api.w.org\/{rel}","templated":true}]}}