{"id":1205,"date":"2024-10-06T08:03:58","date_gmt":"2024-10-06T08:03:58","guid":{"rendered":"http:\/\/www.stephaniemenase.com\/?p=1205"},"modified":"2024-10-06T08:04:00","modified_gmt":"2024-10-06T08:04:00","slug":"grigris-gris-gris","status":"publish","type":"post","link":"http:\/\/www.stephaniemenase.com\/?p=1205","title":{"rendered":"Grigris &#8211; gris gris"},"content":{"rendered":"\n<ul class=\"wp-block-gallery columns-2 is-cropped wp-block-gallery-1 is-layout-flex wp-block-gallery-is-layout-flex\"><li class=\"blocks-gallery-item\"><figure><img loading=\"lazy\" decoding=\"async\" width=\"700\" height=\"525\" src=\"http:\/\/www.stephaniemenase.com\/wp-content\/uploads\/2024\/10\/IMG_8589-700x525.jpg\" alt=\"\" data-id=\"1206\" data-link=\"http:\/\/www.stephaniemenase.com\/?attachment_id=1206\" class=\"wp-image-1206\" srcset=\"http:\/\/www.stephaniemenase.com\/wp-content\/uploads\/2024\/10\/IMG_8589-700x525.jpg 700w, http:\/\/www.stephaniemenase.com\/wp-content\/uploads\/2024\/10\/IMG_8589-300x225.jpg 300w, http:\/\/www.stephaniemenase.com\/wp-content\/uploads\/2024\/10\/IMG_8589-768x576.jpg 768w\" sizes=\"auto, (max-width: 700px) 100vw, 700px\" \/><\/figure><\/li><li class=\"blocks-gallery-item\"><figure><img loading=\"lazy\" decoding=\"async\" width=\"700\" height=\"525\" src=\"http:\/\/www.stephaniemenase.com\/wp-content\/uploads\/2024\/10\/IMG_8593-700x525.jpg\" alt=\"\" data-id=\"1207\" data-link=\"http:\/\/www.stephaniemenase.com\/?attachment_id=1207\" class=\"wp-image-1207\" srcset=\"http:\/\/www.stephaniemenase.com\/wp-content\/uploads\/2024\/10\/IMG_8593-700x525.jpg 700w, http:\/\/www.stephaniemenase.com\/wp-content\/uploads\/2024\/10\/IMG_8593-300x225.jpg 300w, http:\/\/www.stephaniemenase.com\/wp-content\/uploads\/2024\/10\/IMG_8593-768x576.jpg 768w\" sizes=\"auto, (max-width: 700px) 100vw, 700px\" \/><\/figure><\/li><\/ul>\n\n\n\n<p><strong>Petits tableaux de poche<\/strong> (avec leur pochette protectrice)<br>pr\u00e9sent\u00e9s \u00e0 la Galerie Mauguin dans le cadre de l&rsquo;exposition \u00ab\u00a0Grigris\u00a0\u00bb,<br>autour des \u0153uvres d&rsquo;H\u00e9l\u00e8ne Villers, et avec Clara Harbadi, Christine Viale-Piacentino, Fabienne Yvetot, Laure B\u00e9card et Isabelle Aug\u00e9<br>du 19 septembre au 3 octobre 2024<\/p>\n","protected":false},"excerpt":{"rendered":"<p>Petits tableaux de poche (avec leur pochette protectrice)pr\u00e9sent\u00e9s \u00e0 la Galerie Mauguin dans le cadre&#8230;<\/p>\n","protected":false},"author":1,"featured_media":0,"comment_status":"closed","ping_status":"closed","sticky":false,"template":"","format":"standard","meta":{"footnotes":""},"categories":[8,11],"tags":[],"class_list":["post-1205","post","type-post","status-publish","format-standard","hentry","category-actualite","category-expositions"],"_links":{"self":[{"href":"http:\/\/www.stephaniemenase.com\/index.php?rest_route=\/wp\/v2\/posts\/1205","targetHints":{"allow":["GET"]}}],"collection":[{"href":"http:\/\/www.stephaniemenase.com\/index.php?rest_route=\/wp\/v2\/posts"}],"about":[{"href":"http:\/\/www.stephaniemenase.com\/index.php?rest_route=\/wp\/v2\/types\/post"}],"author":[{"embeddable":true,"href":"http:\/\/www.stephaniemenase.com\/index.php?rest_route=\/wp\/v2\/users\/1"}],"replies":[{"embeddable":true,"href":"http:\/\/www.stephaniemenase.com\/index.php?rest_route=%2Fwp%2Fv2%2Fcomments&post=1205"}],"version-history":[{"count":1,"href":"http:\/\/www.stephaniemenase.com\/index.php?rest_route=\/wp\/v2\/posts\/1205\/revisions"}],"predecessor-version":[{"id":1208,"href":"http:\/\/www.stephaniemenase.com\/index.php?rest_route=\/wp\/v2\/posts\/1205\/revisions\/1208"}],"wp:attachment":[{"href":"http:\/\/www.stephaniemenase.com\/index.php?rest_route=%2Fwp%2Fv2%2Fmedia&parent=1205"}],"wp:term":[{"taxonomy":"category","embeddable":true,"href":"http:\/\/www.stephaniemenase.com\/index.php?rest_route=%2Fwp%2Fv2%2Fcategories&post=1205"},{"taxonomy":"post_tag","embeddable":true,"href":"http:\/\/www.stephaniemenase.com\/index.php?rest_route=%2Fwp%2Fv2%2Ftags&post=1205"}],"curies":[{"name":"wp","href":"https:\/\/api.w.org\/{rel}","templated":true}]}}